{"id":551,"date":"2017-09-12T00:00:28","date_gmt":"2017-09-12T00:00:28","guid":{"rendered":"http:\/\/www.marina-loft.de\/?p=551"},"modified":"2018-03-31T10:07:15","modified_gmt":"2018-03-31T10:07:15","slug":"supermarkt-eroeffnung-im-mai-2018-in-port-olpenitz","status":"publish","type":"post","link":"https:\/\/www.marina-loft.de\/index.php\/2017\/09\/12\/supermarkt-eroeffnung-im-mai-2018-in-port-olpenitz\/","title":{"rendered":"Supermarkt Er\u00f6ffnung im Herbst 2018 in Port Olpenitz"},"content":{"rendered":"<div>An der Olpenitzer Hafenpromenade entsteht einer neuer Edeka-Markt mit 40 Arbeitspl\u00e4tzen. Die Er\u00f6ffnung ist f\u00fcr Mai 2018 geplant. (Anmerkung: Nach der kalten Witterung geht man derzeit von Herbst 2018 aus f\u00fcr die Er\u00f6ffnung)<\/div>\n<div><\/div>\n<div>\n<div>\n<p>Die erste Gewerbeansiedlung feierte am 06.09.2017 Spatenstich im Ferienressort Port Olpenitz. &#8230;Und wenn alles nach Plan l\u00e4uft, sollen Urlauber und Einheimische ab Mai kommenden Jahres in einem neuen Edeka-Markt einkaufen k\u00f6nnen.<\/p>\n<p>Seit vergangener Woche liegt die Baugenehmigung vor, gestern nun war Spatenstich: Direkt an der Hafenpromenade als erstes Haus in der Reihe w\u00e4chst nun in den folgenden Monaten ein Lebensmittelmarkt heran. Und Inhaber Andreas Brick, der bereits das e-center in der Wasserm\u00fchlenstra\u00dfe f\u00fchrt, stand die positive Spannung sichtlich ins Gesicht geschrieben. \u201eWir freuen uns sehr darauf\u201c, sagte er mit einem strahlenden L\u00e4cheln und bezog seine Frau und Mitinhaberin Karin Bonnichsen gleich mit ein. 1000 Quadratmeter Verkaufsfl\u00e4che soll der neue Laden umfassen, aufgeteilt auf auf 800 Quadratmeter Lebensmittelmarkt und 200 Quadratmeter B\u00e4ckerei, hinzu kommen weitere 400 Quadratmeter im Au\u00dfenbereich mit Terrasse&#8230;.<\/p>\n<p>\u2013 Quelle: https:\/\/www.shz.de\/17764206 \u00a92017<\/p>\n<\/div>\n<\/div>\n<div><\/div>\n<div><\/div>\n<div><\/div>\n<div><\/div>\n<div><\/div>\n<div><\/div>\n<div><\/div>\n<div><\/div>\n<div><\/div>\n<div><\/div>\n<div id=\"link64_adl_tabid\" style=\"display: none;\" data-url=\"http:\/\/www.marina-loft.de\/wp-admin\/post-new.php\">956<\/div>\n","protected":false},"excerpt":{"rendered":"<p>An der Olpenitzer Hafenpromenade entsteht einer neuer Edeka-Markt mit 40 Arbeitspl\u00e4tzen. Die Er\u00f6ffnung ist f\u00fcr Mai 2018 geplant. (Anmerkung: Nach der kalten Witterung geht man derzeit von Herbst 2018 aus f\u00fcr die Er\u00f6ffnung) Die erste Gewerbeansiedlung feierte am 06.09.2017 Spatenstich im Ferienressort Port Olpenitz. &#8230;Und wenn alles nach Plan l\u00e4uft, sollen Urlauber und Einheimische ab&#8230;<\/p>\n","protected":false},"author":1,"featured_media":381,"comment_status":"open","ping_status":"closed","sticky":false,"template":"","format":"standard","meta":{"footnotes":""},"categories":[1],"tags":[],"class_list":["post-551","post","type-post","status-publish","format-standard","has-post-thumbnail","hentry","category-uncategorized"],"yoast_head":"<!-- This site is optimized with the Yoast SEO plugin v22.3 - https:\/\/yoast.com\/wordpress\/plugins\/seo\/ -->\n<title>Supermarkt Er\u00f6ffnung im Herbst 2018 in Port Olpenitz - Marina-Loft.de - Meerblick Wellness Ferien auf der Ostsee<\/title>\n<meta name=\"robots\" content=\"index, follow, max-snippet:-1, max-image-preview:large, max-video-preview:-1\" \/>\n<link rel=\"canonical\" href=\"https:\/\/www.marina-loft.de\/index.php\/2017\/09\/12\/supermarkt-eroeffnung-im-mai-2018-in-port-olpenitz\/\" \/>\n<meta property=\"og:locale\" content=\"de_DE\" \/>\n<meta property=\"og:type\" content=\"article\" \/>\n<meta property=\"og:title\" content=\"Supermarkt Er\u00f6ffnung im Herbst 2018 in Port Olpenitz - Marina-Loft.de - Meerblick Wellness Ferien auf der Ostsee\" \/>\n<meta property=\"og:description\" content=\"An der Olpenitzer Hafenpromenade entsteht einer neuer Edeka-Markt mit 40 Arbeitspl\u00e4tzen. Die Er\u00f6ffnung ist f\u00fcr Mai 2018 geplant. (Anmerkung: Nach der kalten Witterung geht man derzeit von Herbst 2018 aus f\u00fcr die Er\u00f6ffnung) Die erste Gewerbeansiedlung feierte am 06.09.2017 Spatenstich im Ferienressort Port Olpenitz. &#8230;Und wenn alles nach Plan l\u00e4uft, sollen Urlauber und Einheimische ab...\" \/>\n<meta property=\"og:url\" content=\"https:\/\/www.marina-loft.de\/index.php\/2017\/09\/12\/supermarkt-eroeffnung-im-mai-2018-in-port-olpenitz\/\" \/>\n<meta property=\"og:site_name\" content=\"Marina-Loft.de - Meerblick Wellness Ferien auf der Ostsee\" \/>\n<meta property=\"article:published_time\" content=\"2017-09-12T00:00:28+00:00\" \/>\n<meta property=\"article:modified_time\" content=\"2018-03-31T10:07:15+00:00\" \/>\n<meta property=\"og:image\" content=\"https:\/\/www.marina-loft.de\/wp-content\/uploads\/2017\/08\/P7190140.jpg\" \/>\n\t<meta property=\"og:image:width\" content=\"922\" \/>\n\t<meta property=\"og:image:height\" content=\"691\" \/>\n\t<meta property=\"og:image:type\" content=\"image\/jpeg\" \/>\n<meta name=\"author\" content=\"Urlauber\" \/>\n<meta name=\"twitter:card\" content=\"summary_large_image\" \/>\n<meta name=\"twitter:label1\" content=\"Verfasst von\" \/>\n\t<meta name=\"twitter:data1\" content=\"Urlauber\" \/>\n\t<meta name=\"twitter:label2\" content=\"Gesch\u00e4tzte Lesezeit\" \/>\n\t<meta name=\"twitter:data2\" content=\"1\u00a0Minute\" \/>\n<script type=\"application\/ld+json\" class=\"yoast-schema-graph\">{\"@context\":\"https:\/\/schema.org\",\"@graph\":[{\"@type\":\"WebPage\",\"@id\":\"https:\/\/www.marina-loft.de\/index.php\/2017\/09\/12\/supermarkt-eroeffnung-im-mai-2018-in-port-olpenitz\/\",\"url\":\"https:\/\/www.marina-loft.de\/index.php\/2017\/09\/12\/supermarkt-eroeffnung-im-mai-2018-in-port-olpenitz\/\",\"name\":\"Supermarkt Er\u00f6ffnung im Herbst 2018 in Port Olpenitz - Marina-Loft.de - Meerblick Wellness Ferien auf der Ostsee\",\"isPartOf\":{\"@id\":\"https:\/\/www.marina-loft.de\/#website\"},\"primaryImageOfPage\":{\"@id\":\"https:\/\/www.marina-loft.de\/index.php\/2017\/09\/12\/supermarkt-eroeffnung-im-mai-2018-in-port-olpenitz\/#primaryimage\"},\"image\":{\"@id\":\"https:\/\/www.marina-loft.de\/index.php\/2017\/09\/12\/supermarkt-eroeffnung-im-mai-2018-in-port-olpenitz\/#primaryimage\"},\"thumbnailUrl\":\"https:\/\/www.marina-loft.de\/wp-content\/uploads\/2017\/08\/P7190140.jpg\",\"datePublished\":\"2017-09-12T00:00:28+00:00\",\"dateModified\":\"2018-03-31T10:07:15+00:00\",\"author\":{\"@id\":\"https:\/\/www.marina-loft.de\/#\/schema\/person\/f584cc32d90a7c654062a94204307b1a\"},\"breadcrumb\":{\"@id\":\"https:\/\/www.marina-loft.de\/index.php\/2017\/09\/12\/supermarkt-eroeffnung-im-mai-2018-in-port-olpenitz\/#breadcrumb\"},\"inLanguage\":\"de\",\"potentialAction\":[{\"@type\":\"ReadAction\",\"target\":[\"https:\/\/www.marina-loft.de\/index.php\/2017\/09\/12\/supermarkt-eroeffnung-im-mai-2018-in-port-olpenitz\/\"]}]},{\"@type\":\"ImageObject\",\"inLanguage\":\"de\",\"@id\":\"https:\/\/www.marina-loft.de\/index.php\/2017\/09\/12\/supermarkt-eroeffnung-im-mai-2018-in-port-olpenitz\/#primaryimage\",\"url\":\"https:\/\/www.marina-loft.de\/wp-content\/uploads\/2017\/08\/P7190140.jpg\",\"contentUrl\":\"https:\/\/www.marina-loft.de\/wp-content\/uploads\/2017\/08\/P7190140.jpg\",\"width\":922,\"height\":691,\"caption\":\"OLYMPUS DIGITAL CAMERA\"},{\"@type\":\"BreadcrumbList\",\"@id\":\"https:\/\/www.marina-loft.de\/index.php\/2017\/09\/12\/supermarkt-eroeffnung-im-mai-2018-in-port-olpenitz\/#breadcrumb\",\"itemListElement\":[{\"@type\":\"ListItem\",\"position\":1,\"name\":\"Startseite\",\"item\":\"https:\/\/www.marina-loft.de\/\"},{\"@type\":\"ListItem\",\"position\":2,\"name\":\"Supermarkt Er\u00f6ffnung im Herbst 2018 in Port Olpenitz\"}]},{\"@type\":\"WebSite\",\"@id\":\"https:\/\/www.marina-loft.de\/#website\",\"url\":\"https:\/\/www.marina-loft.de\/\",\"name\":\"Marina-Loft.de - Meerblick Wellness Ferien auf der Ostsee\",\"description\":\"Urlaub machen in unserer Penthauswohnung - Meerblick und Wellness inklusive. Verbringen Sie ihre Traum Ferien auch mit Hund oder Ihrer Familie in Port Olpenitz \/ Kappeln an der Schlei\",\"potentialAction\":[{\"@type\":\"SearchAction\",\"target\":{\"@type\":\"EntryPoint\",\"urlTemplate\":\"https:\/\/www.marina-loft.de\/?s={search_term_string}\"},\"query-input\":\"required name=search_term_string\"}],\"inLanguage\":\"de\"},{\"@type\":\"Person\",\"@id\":\"https:\/\/www.marina-loft.de\/#\/schema\/person\/f584cc32d90a7c654062a94204307b1a\",\"name\":\"Urlauber\",\"image\":{\"@type\":\"ImageObject\",\"inLanguage\":\"de\",\"@id\":\"https:\/\/www.marina-loft.de\/#\/schema\/person\/image\/\",\"url\":\"https:\/\/secure.gravatar.com\/avatar\/216fd5eb74ee99cc3422f5599df51ab7df99fd58cd25eede14843369ca3e972b?s=96&d=mm&r=g\",\"contentUrl\":\"https:\/\/secure.gravatar.com\/avatar\/216fd5eb74ee99cc3422f5599df51ab7df99fd58cd25eede14843369ca3e972b?s=96&d=mm&r=g\",\"caption\":\"Urlauber\"}}]}<\/script>\n<!-- \/ Yoast SEO plugin. -->","yoast_head_json":{"title":"Supermarkt Er\u00f6ffnung im Herbst 2018 in Port Olpenitz - Marina-Loft.de - Meerblick Wellness Ferien auf der Ostsee","robots":{"index":"index","follow":"follow","max-snippet":"max-snippet:-1","max-image-preview":"max-image-preview:large","max-video-preview":"max-video-preview:-1"},"canonical":"https:\/\/www.marina-loft.de\/index.php\/2017\/09\/12\/supermarkt-eroeffnung-im-mai-2018-in-port-olpenitz\/","og_locale":"de_DE","og_type":"article","og_title":"Supermarkt Er\u00f6ffnung im Herbst 2018 in Port Olpenitz - Marina-Loft.de - Meerblick Wellness Ferien auf der Ostsee","og_description":"An der Olpenitzer Hafenpromenade entsteht einer neuer Edeka-Markt mit 40 Arbeitspl\u00e4tzen. Die Er\u00f6ffnung ist f\u00fcr Mai 2018 geplant. (Anmerkung: Nach der kalten Witterung geht man derzeit von Herbst 2018 aus f\u00fcr die Er\u00f6ffnung) Die erste Gewerbeansiedlung feierte am 06.09.2017 Spatenstich im Ferienressort Port Olpenitz. &#8230;Und wenn alles nach Plan l\u00e4uft, sollen Urlauber und Einheimische ab...","og_url":"https:\/\/www.marina-loft.de\/index.php\/2017\/09\/12\/supermarkt-eroeffnung-im-mai-2018-in-port-olpenitz\/","og_site_name":"Marina-Loft.de - Meerblick Wellness Ferien auf der Ostsee","article_published_time":"2017-09-12T00:00:28+00:00","article_modified_time":"2018-03-31T10:07:15+00:00","og_image":[{"width":922,"height":691,"url":"https:\/\/www.marina-loft.de\/wp-content\/uploads\/2017\/08\/P7190140.jpg","type":"image\/jpeg"}],"author":"Urlauber","twitter_card":"summary_large_image","twitter_misc":{"Verfasst von":"Urlauber","Gesch\u00e4tzte Lesezeit":"1\u00a0Minute"},"schema":{"@context":"https:\/\/schema.org","@graph":[{"@type":"WebPage","@id":"https:\/\/www.marina-loft.de\/index.php\/2017\/09\/12\/supermarkt-eroeffnung-im-mai-2018-in-port-olpenitz\/","url":"https:\/\/www.marina-loft.de\/index.php\/2017\/09\/12\/supermarkt-eroeffnung-im-mai-2018-in-port-olpenitz\/","name":"Supermarkt Er\u00f6ffnung im Herbst 2018 in Port Olpenitz - Marina-Loft.de - Meerblick Wellness Ferien auf der Ostsee","isPartOf":{"@id":"https:\/\/www.marina-loft.de\/#website"},"primaryImageOfPage":{"@id":"https:\/\/www.marina-loft.de\/index.php\/2017\/09\/12\/supermarkt-eroeffnung-im-mai-2018-in-port-olpenitz\/#primaryimage"},"image":{"@id":"https:\/\/www.marina-loft.de\/index.php\/2017\/09\/12\/supermarkt-eroeffnung-im-mai-2018-in-port-olpenitz\/#primaryimage"},"thumbnailUrl":"https:\/\/www.marina-loft.de\/wp-content\/uploads\/2017\/08\/P7190140.jpg","datePublished":"2017-09-12T00:00:28+00:00","dateModified":"2018-03-31T10:07:15+00:00","author":{"@id":"https:\/\/www.marina-loft.de\/#\/schema\/person\/f584cc32d90a7c654062a94204307b1a"},"breadcrumb":{"@id":"https:\/\/www.marina-loft.de\/index.php\/2017\/09\/12\/supermarkt-eroeffnung-im-mai-2018-in-port-olpenitz\/#breadcrumb"},"inLanguage":"de","potentialAction":[{"@type":"ReadAction","target":["https:\/\/www.marina-loft.de\/index.php\/2017\/09\/12\/supermarkt-eroeffnung-im-mai-2018-in-port-olpenitz\/"]}]},{"@type":"ImageObject","inLanguage":"de","@id":"https:\/\/www.marina-loft.de\/index.php\/2017\/09\/12\/supermarkt-eroeffnung-im-mai-2018-in-port-olpenitz\/#primaryimage","url":"https:\/\/www.marina-loft.de\/wp-content\/uploads\/2017\/08\/P7190140.jpg","contentUrl":"https:\/\/www.marina-loft.de\/wp-content\/uploads\/2017\/08\/P7190140.jpg","width":922,"height":691,"caption":"OLYMPUS DIGITAL CAMERA"},{"@type":"BreadcrumbList","@id":"https:\/\/www.marina-loft.de\/index.php\/2017\/09\/12\/supermarkt-eroeffnung-im-mai-2018-in-port-olpenitz\/#breadcrumb","itemListElement":[{"@type":"ListItem","position":1,"name":"Startseite","item":"https:\/\/www.marina-loft.de\/"},{"@type":"ListItem","position":2,"name":"Supermarkt Er\u00f6ffnung im Herbst 2018 in Port Olpenitz"}]},{"@type":"WebSite","@id":"https:\/\/www.marina-loft.de\/#website","url":"https:\/\/www.marina-loft.de\/","name":"Marina-Loft.de - Meerblick Wellness Ferien auf der Ostsee","description":"Urlaub machen in unserer Penthauswohnung - Meerblick und Wellness inklusive. Verbringen Sie ihre Traum Ferien auch mit Hund oder Ihrer Familie in Port Olpenitz \/ Kappeln an der Schlei","potentialAction":[{"@type":"SearchAction","target":{"@type":"EntryPoint","urlTemplate":"https:\/\/www.marina-loft.de\/?s={search_term_string}"},"query-input":"required name=search_term_string"}],"inLanguage":"de"},{"@type":"Person","@id":"https:\/\/www.marina-loft.de\/#\/schema\/person\/f584cc32d90a7c654062a94204307b1a","name":"Urlauber","image":{"@type":"ImageObject","inLanguage":"de","@id":"https:\/\/www.marina-loft.de\/#\/schema\/person\/image\/","url":"https:\/\/secure.gravatar.com\/avatar\/216fd5eb74ee99cc3422f5599df51ab7df99fd58cd25eede14843369ca3e972b?s=96&d=mm&r=g","contentUrl":"https:\/\/secure.gravatar.com\/avatar\/216fd5eb74ee99cc3422f5599df51ab7df99fd58cd25eede14843369ca3e972b?s=96&d=mm&r=g","caption":"Urlauber"}}]}},"_links":{"self":[{"href":"https:\/\/www.marina-loft.de\/index.php\/wp-json\/wp\/v2\/posts\/551","targetHints":{"allow":["GET"]}}],"collection":[{"href":"https:\/\/www.marina-loft.de\/index.php\/wp-json\/wp\/v2\/posts"}],"about":[{"href":"https:\/\/www.marina-loft.de\/index.php\/wp-json\/wp\/v2\/types\/post"}],"author":[{"embeddable":true,"href":"https:\/\/www.marina-loft.de\/index.php\/wp-json\/wp\/v2\/users\/1"}],"replies":[{"embeddable":true,"href":"https:\/\/www.marina-loft.de\/index.php\/wp-json\/wp\/v2\/comments?post=551"}],"version-history":[{"count":3,"href":"https:\/\/www.marina-loft.de\/index.php\/wp-json\/wp\/v2\/posts\/551\/revisions"}],"predecessor-version":[{"id":708,"href":"https:\/\/www.marina-loft.de\/index.php\/wp-json\/wp\/v2\/posts\/551\/revisions\/708"}],"wp:featuredmedia":[{"embeddable":true,"href":"https:\/\/www.marina-loft.de\/index.php\/wp-json\/wp\/v2\/media\/381"}],"wp:attachment":[{"href":"https:\/\/www.marina-loft.de\/index.php\/wp-json\/wp\/v2\/media?parent=551"}],"wp:term":[{"taxonomy":"category","embeddable":true,"href":"https:\/\/www.marina-loft.de\/index.php\/wp-json\/wp\/v2\/categories?post=551"},{"taxonomy":"post_tag","embeddable":true,"href":"https:\/\/www.marina-loft.de\/index.php\/wp-json\/wp\/v2\/tags?post=551"}],"curies":[{"name":"wp","href":"https:\/\/api.w.org\/{rel}","templated":true}]}}